{"id":2593,"date":"2024-05-22T11:18:25","date_gmt":"2024-05-22T09:18:25","guid":{"rendered":"https:\/\/intesiscon.es\/chemagimeno\/el-informe-cora-jose-maria-gimeno-feliu\/"},"modified":"2024-05-22T11:18:25","modified_gmt":"2024-05-22T09:18:25","slug":"el-informe-cora-jose-maria-gimeno-feliu","status":"publish","type":"post","link":"https:\/\/personal.unizar.es\/gimenof\/el-informe-cora-jose-maria-gimeno-feliu\/","title":{"rendered":"El\u00a0informe CORA (Jos\u00e9 Mar\u00eda Gimeno Feli\u00fa)"},"content":{"rendered":"<p>http:\/\/prensa.unizar.es\/noticias\/noticias.php?noticia=44362&#038;enlace=1312\/131217_z0_heral19.pdf&#038;via=w&#038;fecha2=2013-12-17<\/p>\n","protected":false},"excerpt":{"rendered":"<p>http:\/\/prensa.unizar.es\/noticias\/noticias.php?noticia=44362&#038;enlace=1312\/131217_z0_heral19.pdf&#038;via=w&#038;fecha2=2013-12-17<\/p>\n","protected":false},"author":1,"featured_media":0,"comment_status":"closed","ping_status":"closed","sticky":false,"template":"","format":"standard","meta":{"_et_pb_use_builder":"","_et_pb_old_content":"","_et_gb_content_width":"","footnotes":""},"categories":[18],"tags":[],"class_list":["post-2593","post","type-post","status-publish","format-standard","hentry","category-opiniones-en-periodicos-digitales"],"_links":{"self":[{"href":"https:\/\/personal.unizar.es\/gimenof\/wp-json\/wp\/v2\/posts\/2593","targetHints":{"allow":["GET"]}}],"collection":[{"href":"https:\/\/personal.unizar.es\/gimenof\/wp-json\/wp\/v2\/posts"}],"about":[{"href":"https:\/\/personal.unizar.es\/gimenof\/wp-json\/wp\/v2\/types\/post"}],"author":[{"embeddable":true,"href":"https:\/\/personal.unizar.es\/gimenof\/wp-json\/wp\/v2\/users\/1"}],"replies":[{"embeddable":true,"href":"https:\/\/personal.unizar.es\/gimenof\/wp-json\/wp\/v2\/comments?post=2593"}],"version-history":[{"count":0,"href":"https:\/\/personal.unizar.es\/gimenof\/wp-json\/wp\/v2\/posts\/2593\/revisions"}],"wp:attachment":[{"href":"https:\/\/personal.unizar.es\/gimenof\/wp-json\/wp\/v2\/media?parent=2593"}],"wp:term":[{"taxonomy":"category","embeddable":true,"href":"https:\/\/personal.unizar.es\/gimenof\/wp-json\/wp\/v2\/categories?post=2593"},{"taxonomy":"post_tag","embeddable":true,"href":"https:\/\/personal.unizar.es\/gimenof\/wp-json\/wp\/v2\/tags?post=2593"}],"curies":[{"name":"wp","href":"https:\/\/api.w.org\/{rel}","templated":true}]}}